{"id":512,"date":"2012-10-10T22:13:00","date_gmt":"2012-10-10T20:13:00","guid":{"rendered":"http:\/\/www.martasebestyen.com\/?p=512"},"modified":"2012-10-10T22:13:00","modified_gmt":"2012-10-10T20:13:00","slug":"magyar-egiekkel-jatszo-sebestyen-marta-koncertje-a-velemi-szent-viden","status":"publish","type":"post","link":"https:\/\/www.martasebestyen.com\/en\/2012\/10\/10\/magyar-egiekkel-jatszo-sebestyen-marta-koncertje-a-velemi-szent-viden\/","title":{"rendered":"\u00c9giekkel j\u00e1tsz\u00f3 &#8211; Sebesty\u00e9n M\u00e1rta koncertje a velemi Szent Viden"},"content":{"rendered":"<p><img decoding=\"async\" loading=\"lazy\" class=\"alignleft\" title=\"Velem, 2012\" src=\"http:\/\/www.martasebestyen.com\/wp-content\/uploads\/2012\/10\/velem.png\" alt=\"\" width=\"151\" height=\"150\" \/> Marta\u00a0Sebestyen has indeed connected us to heavenly creatures, as she had previously suggested by the altered\u00a0words of Csokonai&#8217;s poem as the title of her concert. On 6th October, 2012 we have really got as close to heaven as possible. With simple elegance, pure directness, and radiant attitude, Marta managed to capture our innermost feelings, also expressing her affection for county Vas (where her grandparents lived). With her excellent guest artists, Judit Andrejszki and Hera Caius, the most acknowledged Hungarian singer performed an unforgetable old music programme on the national mourning day. The concert was a road &#8211; and the extra was an honest blessing: God bless us all.<\/p>\n<p><em>The extract is based on Timea Merklin&#8217;s article on\u00a0<a title=\"vasnepe.hu\" href=\"http:\/\/vasnepe.hu\/kultura_oktatas\/20121006_\" target=\"_blank\" rel=\"noopener noreferrer\">vasnepe.hu<\/a><\/em><\/p>\n<p>[plulz_social_like]<\/p>","protected":false},"excerpt":{"rendered":"<p>Marta\u00a0Sebestyen has indeed connected us to heavenly creatures, as she had previously suggested by the altered\u00a0words of Csokonai&#8217;s poem as the title of her concert. On 6th October, 2012 we<a href=\"https:\/\/www.martasebestyen.com\/en\/2012\/10\/10\/magyar-egiekkel-jatszo-sebestyen-marta-koncertje-a-velemi-szent-viden\/\" class=\"more-link\"><span class=\"readmore\">More&#8230;<span class=\"screen-reader-text\">\u00c9giekkel j\u00e1tsz\u00f3 &#8211; Sebesty\u00e9n M\u00e1rta koncertje a velemi Szent Viden<\/span><\/span><\/a><\/p>\n","protected":false},"author":1,"featured_media":0,"comment_status":"open","ping_status":"open","sticky":false,"template":"","format":"standard","meta":[],"categories":[3,4,5,6,7],"tags":[],"_links":{"self":[{"href":"https:\/\/www.martasebestyen.com\/en\/wp-json\/wp\/v2\/posts\/512"}],"collection":[{"href":"https:\/\/www.martasebestyen.com\/en\/wp-json\/wp\/v2\/posts"}],"about":[{"href":"https:\/\/www.martasebestyen.com\/en\/wp-json\/wp\/v2\/types\/post"}],"author":[{"embeddable":true,"href":"https:\/\/www.martasebestyen.com\/en\/wp-json\/wp\/v2\/users\/1"}],"replies":[{"embeddable":true,"href":"https:\/\/www.martasebestyen.com\/en\/wp-json\/wp\/v2\/comments?post=512"}],"version-history":[{"count":0,"href":"https:\/\/www.martasebestyen.com\/en\/wp-json\/wp\/v2\/posts\/512\/revisions"}],"wp:attachment":[{"href":"https:\/\/www.martasebestyen.com\/en\/wp-json\/wp\/v2\/media?parent=512"}],"wp:term":[{"taxonomy":"category","embeddable":true,"href":"https:\/\/www.martasebestyen.com\/en\/wp-json\/wp\/v2\/categories?post=512"},{"taxonomy":"post_tag","embeddable":true,"href":"https:\/\/www.martasebestyen.com\/en\/wp-json\/wp\/v2\/tags?post=512"}],"curies":[{"name":"wp","href":"https:\/\/api.w.org\/{rel}","templated":true}]}}