{"id":658,"date":"2012-12-09T19:09:42","date_gmt":"2012-12-09T18:09:42","guid":{"rendered":"http:\/\/www.martasebestyen.com\/?p=658"},"modified":"2012-12-09T19:09:42","modified_gmt":"2012-12-09T18:09:42","slug":"celebrating-advent","status":"publish","type":"post","link":"https:\/\/www.martasebestyen.com\/en\/2012\/12\/09\/celebrating-advent\/","title":{"rendered":"\u00c9let\u00f6r\u00f6m adventkor"},"content":{"rendered":"<p><img decoding=\"async\" loading=\"lazy\" class=\"alignleft size-full wp-image-659\" title=\"adventrtv\" src=\"http:\/\/www.martasebestyen.com\/wp-content\/uploads\/2012\/12\/adventrtv.jpg\" alt=\"\" width=\"250\" height=\"340\" \/><strong>Marta Sebestyen talks about the new folk talent show in &#8220;RTV Reszletes&#8221; (a weekly television and radio program magazine). She also shares with Readers how she spends this advent:<\/strong><\/p>\n<p>&#8220;I always like this season very much; in this year, besides the talent show, recording my new album and my christmas concerts keep me busy. My favourite christmas songs living in my heart can be performed only in this special period of the year. These songs can be found in my new Christmas album, the Voices of Angels. (Please read our corresponding article <a title=\"Voices of Angels\" href=\"http:\/\/www.martasebestyen.com\/?p=624\" target=\"_blank\" rel=\"noopener noreferrer\">here<\/a>.)<\/p>\n<p><em>Photo: <a title=\"Perger L\u00e1szl\u00f3\" href=\"http:\/\/www.pergerlaszlo.hu\/\" target=\"_blank\" rel=\"noopener noreferrer\">Laszlo Perger<\/a><\/em><\/p>","protected":false},"excerpt":{"rendered":"<p>Marta Sebestyen talks about the new folk talent show in &#8220;RTV Reszletes&#8221; (a weekly television and radio program magazine). She also shares with Readers how she spends this advent: &#8220;I<a href=\"https:\/\/www.martasebestyen.com\/en\/2012\/12\/09\/celebrating-advent\/\" class=\"more-link\"><span class=\"readmore\">More&#8230;<span class=\"screen-reader-text\">\u00c9let\u00f6r\u00f6m adventkor<\/span><\/span><\/a><\/p>\n","protected":false},"author":1,"featured_media":0,"comment_status":"open","ping_status":"open","sticky":false,"template":"","format":"standard","meta":[],"categories":[1],"tags":[],"_links":{"self":[{"href":"https:\/\/www.martasebestyen.com\/en\/wp-json\/wp\/v2\/posts\/658"}],"collection":[{"href":"https:\/\/www.martasebestyen.com\/en\/wp-json\/wp\/v2\/posts"}],"about":[{"href":"https:\/\/www.martasebestyen.com\/en\/wp-json\/wp\/v2\/types\/post"}],"author":[{"embeddable":true,"href":"https:\/\/www.martasebestyen.com\/en\/wp-json\/wp\/v2\/users\/1"}],"replies":[{"embeddable":true,"href":"https:\/\/www.martasebestyen.com\/en\/wp-json\/wp\/v2\/comments?post=658"}],"version-history":[{"count":0,"href":"https:\/\/www.martasebestyen.com\/en\/wp-json\/wp\/v2\/posts\/658\/revisions"}],"wp:attachment":[{"href":"https:\/\/www.martasebestyen.com\/en\/wp-json\/wp\/v2\/media?parent=658"}],"wp:term":[{"taxonomy":"category","embeddable":true,"href":"https:\/\/www.martasebestyen.com\/en\/wp-json\/wp\/v2\/categories?post=658"},{"taxonomy":"post_tag","embeddable":true,"href":"https:\/\/www.martasebestyen.com\/en\/wp-json\/wp\/v2\/tags?post=658"}],"curies":[{"name":"wp","href":"https:\/\/api.w.org\/{rel}","templated":true}]}}